{"id":6056,"date":"2023-05-16T14:37:28","date_gmt":"2023-05-16T12:37:28","guid":{"rendered":"https:\/\/www.il-faro.com\/wp\/?p=6056"},"modified":"2023-07-25T20:52:36","modified_gmt":"2023-07-25T18:52:36","slug":"ricerca-politecnico-di-milano","status":"publish","type":"post","link":"https:\/\/www.il-faro.com\/wp\/ricerca-politecnico-di-milano\/","title":{"rendered":"Ricerca Politecnico di Milano"},"content":{"rendered":"<h1>Ricerca Politecnico di Milano<\/h1>\n<p>Ricerca Politecnico di Milano.<\/p>\n<p>Il <a href=\"https:\/\/www.efi.polimi.it\/\">Department of Management, Economics and Industrial Engineering<\/a> del <a href=\"https:\/\/www.polimi.it\/\">Politecnico di Milano<\/a> in collaborazione con il Politecnico di Torino e il centro ICRIOS Bocconi, ha contattato il team del Centro Il Faro.<\/p>\n<p>E&#8217; stata richiesta disponibilit\u00e0 di imprese appartenenti al network a partecipare a un progetto di ricerca volto a studiare le strategie di finanziamento per lo scale-up.<\/p>\n<p><a href=\"https:\/\/www.il-faro.com\/wp\/wp-content\/uploads\/2023\/05\/Politecnico_di_Milano.png\"><img loading=\"lazy\" decoding=\"async\" src=\"https:\/\/www.il-faro.com\/wp\/wp-content\/uploads\/2023\/05\/Politecnico_di_Milano-300x220.png\" alt=\"Politecnico di Milano\" class=\"wp-image-6062 size-medium\" width=\"300\" height=\"220\" srcset=\"https:\/\/www.il-faro.com\/wp\/wp-content\/uploads\/2023\/05\/Politecnico_di_Milano-300x220.png 300w, https:\/\/www.il-faro.com\/wp\/wp-content\/uploads\/2023\/05\/Politecnico_di_Milano-50x37.png 50w, https:\/\/www.il-faro.com\/wp\/wp-content\/uploads\/2023\/05\/Politecnico_di_Milano-600x441.png 600w, https:\/\/www.il-faro.com\/wp\/wp-content\/uploads\/2023\/05\/Politecnico_di_Milano.png 664w\" sizes=\"auto, (max-width: 300px) 100vw, 300px\" \/><\/a><\/p>\n<h2>Polimi, Polito e Bocconi<\/h2>\n<p><a href=\"https:\/\/www.polimi.it\/\">Politecnico di Milano<\/a>, <a href=\"https:\/\/www.polito.it\/\">Politecnico di Torino<\/a> e il centro <a href=\"https:\/\/icrios.unibocconi.eu\/\">ICRIOS Bocconi<\/a> si rivolgono a:<\/p>\n<ul>\n<li>imprenditori che abbiano gi\u00e0 validato la value proposition della propria start-up<\/li>\n<li>non abbiano ancora ottenuto finanziamenti esterni.<\/li>\n<\/ul>\n<p>Agli imprenditori che parteciperanno, chiederanno la disponibilit\u00e0 a rispondere a un breve questionario online e a sostenere tre rapide interviste telefoniche\/online della durata di 15 minuti l\u2019una.<\/p>\n<h2>Intervista<\/h2>\n<p>La prima intervista \u00e8 prevista a inizio <strong>giugno<\/strong>, la seconda a fine <strong>luglio<\/strong> e la terza a <strong>settembre 2023<\/strong>.<\/p>\n<p>A conclusione del progetto, saranno condivisi anche con Centro Il Faro i risultati della ricerca e saranno possibili incontri in occasione di un seminario\/focus group sui risultati stessi.<\/p>\n<h2>Partecipazione<\/h2>\n<p>Si chiede di partecipare al progetto a imprenditori che riportino le caratteristiche di cui sopra.<\/p>\n<p>I posti sono limitati e le candidature degli imprenditori dovranno essere inviate entro il <span style=\"color: #ff0000;\"><strong>2 giugno 2023<\/strong><\/span>, compilando il breve questionario online al link:<\/p>\n<p><a href=\"https:\/\/polimi.eu.qualtrics.com\/jfe\/form\/SV_3aseOXFUozT2VL0 .\">https:\/\/polimi.eu.qualtrics.com\/jfe\/form\/SV_3aseOXFUozT2VL0 .<\/a><\/p>\n<p>Per altre informazioni: EFI research group <a href=\"https:\/\/www.efi.polimi.it\/\">www.efi.polimi.it<\/a><\/p>\n<p>l gruppo di ricerca <a href=\"https:\/\/www.efi.polimi.it\/\">EFI<\/a> (Entrepreneurship, Finance and Innovation) del Dipartimento di Ingegneria Gestionale, Economica e Industriale del Politecnico di Milano indaga temi che si intersecano tra Imprenditorialit\u00e0, Finanza e Innovazione.<\/p>\n<p>Su questi argomenti, il gruppo di ricerca EFI \u00e8 una delle voci pi\u00f9 autorevoli e riconosciute tra le principali universit\u00e0, istituzioni pubbliche e organizzazioni private.<\/p>\n<p>Il gruppo utilizza un approccio multidisciplinare, che abbraccia metodologie all&#8217;avanguardia (ad esempio econometria, esperimenti e apprendimento automatico) per far avanzare teorie economiche e manageriali e raggiungere l&#8217;eccellenza scientifica.<\/p>\n<p>Keywords: Ricerca Politecnico di Milano, Politecnico di Torino, ICRIOS Bocconi, EFI, Department of Management, Economics and Industrial Engineering<\/p>\n<div class=\"wpforms-container wpforms-container-full\" id=\"wpforms-5790\"><form id=\"wpforms-form-5790\" class=\"wpforms-validate wpforms-form\" data-formid=\"5790\" method=\"post\" enctype=\"multipart\/form-data\" action=\"\/wp\/wp-json\/wp\/v2\/posts\/6056\" data-token=\"63ad3074d347289bc76695bd56a05b15\" data-token-time=\"1788331878\"><noscript class=\"wpforms-error-noscript\">Abilita JavaScript nel browser per completare questo modulo.<\/noscript><div class=\"wpforms-field-container\"><div id=\"wpforms-5790-field_5-container\" class=\"wpforms-field wpforms-field-text\" data-field-id=\"5\"><label class=\"wpforms-field-label\" for=\"wpforms-5790-field_5\">Nome <span class=\"wpforms-required-label\">*<\/span><\/label><input type=\"text\" id=\"wpforms-5790-field_5\" class=\"wpforms-field-medium wpforms-field-required\" name=\"wpforms[fields][5]\" required><\/div><div id=\"wpforms-5790-field_6-container\" class=\"wpforms-field wpforms-field-number\" data-field-id=\"6\"><label class=\"wpforms-field-label\" for=\"wpforms-5790-field_6\">Numero di telefono <span class=\"wpforms-required-label\">*<\/span><\/label><input type=\"number\" id=\"wpforms-5790-field_6\" class=\"wpforms-field-medium wpforms-field-required\" name=\"wpforms[fields][6]\" step=\"any\" required><\/div><div id=\"wpforms-5790-field_2-container\" class=\"wpforms-field wpforms-field-email\" data-field-id=\"2\"><label class=\"wpforms-field-label\" for=\"wpforms-5790-field_2\">La tua email <span class=\"wpforms-required-label\">*<\/span><\/label><input type=\"email\" id=\"wpforms-5790-field_2\" class=\"wpforms-field-medium wpforms-field-required\" name=\"wpforms[fields][2]\" spellcheck=\"false\" required><\/div><div id=\"wpforms-5790-field_4-container\" class=\"wpforms-field wpforms-field-textarea\" data-field-id=\"4\"><label class=\"wpforms-field-label\" for=\"wpforms-5790-field_4\">Il  tuo messaggio <span class=\"wpforms-required-label\">*<\/span><\/label><textarea id=\"wpforms-5790-field_4\" class=\"wpforms-field-small wpforms-field-required\" name=\"wpforms[fields][4]\" required><\/textarea><\/div><div id=\"wpforms-5790-field_7-container\" class=\"wpforms-field wpforms-field-checkbox\" data-field-id=\"7\"><label class=\"wpforms-field-label\">Dichiarazione sulla Privacy <span class=\"wpforms-required-label\">*<\/span><\/label><ul id=\"wpforms-5790-field_7\" class=\"wpforms-field-required\"><li class=\"choice-1 depth-1\"><input type=\"checkbox\" id=\"wpforms-5790-field_7_1\" name=\"wpforms[fields][7][]\" value=\"Accetto\" required ><label class=\"wpforms-field-label-inline\" for=\"wpforms-5790-field_7_1\">Accetto<\/label><\/li><\/ul><div class=\"wpforms-field-description\">Dichiarazione sulla Privacy e Condizioni di Utilizzo dei Dati: Il sottoscritto, compilando e inviando questo modulo, autorizza alla raccolta, conservazione ed elaborazione delle informazioni fornite.<\/div><\/div><\/div><!-- .wpforms-field-container -->\r\n\t\t\t<script data-cfasync=\"false\" data-nowprocket data-noptimize=\"1\" data-no-optimize=\"1\" nitro-exclude data-jetpack-boost=\"ignore\">\r\n\t\t\tif ( typeof huOptions !== 'undefined' ) {\r\n\t\t\t\tvar huFormData = {\"source\":\"wpforms\",\"id\":5790,\"title\":\"Home\",\"fields\":{\"subject\":{\"first_name\":\"\",\"last_name\":\"\"}}};\r\n\t\t\t\tvar huFormNode = document.querySelector( '[id=\"wpforms-5790\"] form' );\r\n\r\n\t\t\t\tvar firstName = huFormNode.querySelector( 'input.wpforms-field-name-first' );\r\n\t\t\t\tvar lastName = huFormNode.querySelector( 'input.wpforms-field-name-last' );\r\n\r\n\t\t\t\tif ( firstName )\r\n\t\t\t\t\thuFormData['fields']['subject']['first_name'] = firstName.getAttribute( 'name' );\r\n\r\n\t\t\t\tif ( lastName )\r\n\t\t\t\t\thuFormData['fields']['subject']['last_name'] = lastName.getAttribute( 'name' );\r\n\r\n\t\t\t\thuFormData['node'] = huFormNode;\r\n\t\t\t\thuOptions['forms'].push( huFormData );\r\n\t\t\t}\r\n\t\t\t<\/script><div class=\"wpforms-submit-container\" ><input type=\"hidden\" name=\"wpforms[id]\" value=\"5790\"><input type=\"hidden\" name=\"page_title\" value=\"\"><input type=\"hidden\" name=\"page_url\" value=\"https:\/\/www.il-faro.com\/wp\/wp-json\/wp\/v2\/posts\/6056\"><input type=\"hidden\" name=\"url_referer\" value=\"\"><button type=\"submit\" name=\"wpforms[submit]\" id=\"wpforms-submit-5790\" class=\"wpforms-submit\" data-alt-text=\"Sto inviando\" data-submit-text=\"Invia\" aria-live=\"assertive\" value=\"wpforms-submit\">Invia<\/button><\/div><\/form><\/div>  <!-- .wpforms-container -->\n","protected":false},"excerpt":{"rendered":"<p>Ricerca Politecnico di Milano Ricerca Politecnico di Milano. Il Department of Management, Economics and Industrial Engineering del Politecnico di Milano in collaborazione con il Politecnico di Torino e il centro ICRIOS Bocconi, ha contattato il team del Centro Il Faro. E&#8217; stata richiesta disponibilit\u00e0 di imprese appartenenti al network a [&hellip;]<\/p>\n","protected":false},"author":3,"featured_media":6062,"comment_status":"closed","ping_status":"open","sticky":false,"template":"","format":"standard","meta":{"footnotes":""},"categories":[65],"tags":[176],"class_list":["post-6056","post","type-post","status-publish","format-standard","has-post-thumbnail","hentry","category-universita","tag-ricerca-politecnico-di-milano"],"yoast_head":"<!-- This site is optimized with the Yoast SEO plugin v28.4 - https:\/\/yoast.com\/product\/yoast-seo-wordpress\/ -->\n<title>Ricerca Politecnico di Milano - Centro Il Faro, incubatore imprese, affitto ufficio Napoli<\/title>\n<meta name=\"description\" content=\"Ricerca Politecnico di Milano, Politecnico di Torino, ICRIOS Bocconi, EFI, Department of Management, Economics and Industrial Engineering\" \/>\n<meta name=\"robots\" content=\"index, follow, max-snippet:-1, max-image-preview:large, max-video-preview:-1\" \/>\n<link rel=\"canonical\" href=\"https:\/\/www.il-faro.com\/wp\/ricerca-politecnico-di-milano\/\" \/>\n<meta property=\"og:locale\" content=\"it_IT\" \/>\n<meta property=\"og:type\" content=\"article\" \/>\n<meta property=\"og:title\" content=\"Ricerca Politecnico di Milano - Centro Il Faro, incubatore imprese, affitto ufficio Napoli\" \/>\n<meta property=\"og:description\" content=\"Ricerca Politecnico di Milano, Politecnico di Torino, ICRIOS Bocconi, EFI, Department of Management, Economics and Industrial Engineering\" \/>\n<meta property=\"og:url\" content=\"https:\/\/www.il-faro.com\/wp\/ricerca-politecnico-di-milano\/\" \/>\n<meta property=\"og:site_name\" content=\"Centro Il Faro, incubatore imprese, affitto ufficio Napoli\" \/>\n<meta property=\"article:publisher\" content=\"https:\/\/www.facebook.com\/centroilfaro\/\" \/>\n<meta property=\"article:published_time\" content=\"2023-05-16T12:37:28+00:00\" \/>\n<meta property=\"article:modified_time\" content=\"2023-07-25T18:52:36+00:00\" \/>\n<meta property=\"og:image\" content=\"https:\/\/www.il-faro.com\/wp\/wp-content\/uploads\/2023\/05\/Politecnico_di_Milano.png\" \/>\n\t<meta property=\"og:image:width\" content=\"664\" \/>\n\t<meta property=\"og:image:height\" content=\"488\" \/>\n\t<meta property=\"og:image:type\" content=\"image\/png\" \/>\n<meta name=\"author\" content=\"Andrea\" \/>\n<meta name=\"twitter:label1\" content=\"Scritto da\" \/>\n\t<meta name=\"twitter:data1\" content=\"Andrea\" \/>\n\t<meta name=\"twitter:label2\" content=\"Tempo di lettura stimato\" \/>\n\t<meta name=\"twitter:data2\" content=\"2 minuti\" \/>\n<script type=\"application\/ld+json\" class=\"yoast-schema-graph\">{\"@context\":\"https:\\\/\\\/schema.org\",\"@graph\":[{\"@type\":\"Article\",\"@id\":\"https:\\\/\\\/www.il-faro.com\\\/wp\\\/ricerca-politecnico-di-milano\\\/#article\",\"isPartOf\":{\"@id\":\"https:\\\/\\\/www.il-faro.com\\\/wp\\\/ricerca-politecnico-di-milano\\\/\"},\"author\":{\"name\":\"Andrea\",\"@id\":\"https:\\\/\\\/www.il-faro.com\\\/wp\\\/#\\\/schema\\\/person\\\/f5faa4705e3310d4a8427b342f81fa82\"},\"headline\":\"Ricerca Politecnico di Milano\",\"datePublished\":\"2023-05-16T12:37:28+00:00\",\"dateModified\":\"2023-07-25T18:52:36+00:00\",\"mainEntityOfPage\":{\"@id\":\"https:\\\/\\\/www.il-faro.com\\\/wp\\\/ricerca-politecnico-di-milano\\\/\"},\"wordCount\":343,\"publisher\":{\"@id\":\"https:\\\/\\\/www.il-faro.com\\\/wp\\\/#organization\"},\"image\":{\"@id\":\"https:\\\/\\\/www.il-faro.com\\\/wp\\\/ricerca-politecnico-di-milano\\\/#primaryimage\"},\"thumbnailUrl\":\"https:\\\/\\\/www.il-faro.com\\\/wp\\\/wp-content\\\/uploads\\\/2023\\\/05\\\/Politecnico_di_Milano.png\",\"keywords\":[\"Ricerca Politecnico di Milano\"],\"articleSection\":[\"Universit\u00e0\"],\"inLanguage\":\"it-IT\"},{\"@type\":\"WebPage\",\"@id\":\"https:\\\/\\\/www.il-faro.com\\\/wp\\\/ricerca-politecnico-di-milano\\\/\",\"url\":\"https:\\\/\\\/www.il-faro.com\\\/wp\\\/ricerca-politecnico-di-milano\\\/\",\"name\":\"Ricerca Politecnico di Milano - Centro Il Faro, incubatore imprese, affitto ufficio Napoli\",\"isPartOf\":{\"@id\":\"https:\\\/\\\/www.il-faro.com\\\/wp\\\/#website\"},\"primaryImageOfPage\":{\"@id\":\"https:\\\/\\\/www.il-faro.com\\\/wp\\\/ricerca-politecnico-di-milano\\\/#primaryimage\"},\"image\":{\"@id\":\"https:\\\/\\\/www.il-faro.com\\\/wp\\\/ricerca-politecnico-di-milano\\\/#primaryimage\"},\"thumbnailUrl\":\"https:\\\/\\\/www.il-faro.com\\\/wp\\\/wp-content\\\/uploads\\\/2023\\\/05\\\/Politecnico_di_Milano.png\",\"datePublished\":\"2023-05-16T12:37:28+00:00\",\"dateModified\":\"2023-07-25T18:52:36+00:00\",\"description\":\"Ricerca Politecnico di Milano, Politecnico di Torino, ICRIOS Bocconi, EFI, Department of Management, Economics and Industrial Engineering\",\"breadcrumb\":{\"@id\":\"https:\\\/\\\/www.il-faro.com\\\/wp\\\/ricerca-politecnico-di-milano\\\/#breadcrumb\"},\"inLanguage\":\"it-IT\",\"potentialAction\":[{\"@type\":\"ReadAction\",\"target\":[\"https:\\\/\\\/www.il-faro.com\\\/wp\\\/ricerca-politecnico-di-milano\\\/\"]}]},{\"@type\":\"ImageObject\",\"inLanguage\":\"it-IT\",\"@id\":\"https:\\\/\\\/www.il-faro.com\\\/wp\\\/ricerca-politecnico-di-milano\\\/#primaryimage\",\"url\":\"https:\\\/\\\/www.il-faro.com\\\/wp\\\/wp-content\\\/uploads\\\/2023\\\/05\\\/Politecnico_di_Milano.png\",\"contentUrl\":\"https:\\\/\\\/www.il-faro.com\\\/wp\\\/wp-content\\\/uploads\\\/2023\\\/05\\\/Politecnico_di_Milano.png\",\"width\":664,\"height\":488,\"caption\":\"Politecnico di Milano\"},{\"@type\":\"BreadcrumbList\",\"@id\":\"https:\\\/\\\/www.il-faro.com\\\/wp\\\/ricerca-politecnico-di-milano\\\/#breadcrumb\",\"itemListElement\":[{\"@type\":\"ListItem\",\"position\":1,\"name\":\"Home\",\"item\":\"https:\\\/\\\/www.il-faro.com\\\/wp\\\/\"},{\"@type\":\"ListItem\",\"position\":2,\"name\":\"Ricerca Politecnico di Milano\"}]},{\"@type\":\"WebSite\",\"@id\":\"https:\\\/\\\/www.il-faro.com\\\/wp\\\/#website\",\"url\":\"https:\\\/\\\/www.il-faro.com\\\/wp\\\/\",\"name\":\"Centro Il Faro, incubatore imprese, affitto ufficio Napoli\",\"description\":\"Centro Il Faro. Incubatore di Imprese, Business Center\",\"publisher\":{\"@id\":\"https:\\\/\\\/www.il-faro.com\\\/wp\\\/#organization\"},\"potentialAction\":[{\"@type\":\"SearchAction\",\"target\":{\"@type\":\"EntryPoint\",\"urlTemplate\":\"https:\\\/\\\/www.il-faro.com\\\/wp\\\/?s={search_term_string}\"},\"query-input\":{\"@type\":\"PropertyValueSpecification\",\"valueRequired\":true,\"valueName\":\"search_term_string\"}}],\"inLanguage\":\"it-IT\"},{\"@type\":\"Organization\",\"@id\":\"https:\\\/\\\/www.il-faro.com\\\/wp\\\/#organization\",\"name\":\"Centro Il Faro, incubatore imprese, affitto ufficio Napoli\",\"url\":\"https:\\\/\\\/www.il-faro.com\\\/wp\\\/\",\"logo\":{\"@type\":\"ImageObject\",\"inLanguage\":\"it-IT\",\"@id\":\"https:\\\/\\\/www.il-faro.com\\\/wp\\\/#\\\/schema\\\/logo\\\/image\\\/\",\"url\":\"https:\\\/\\\/www.il-faro.com\\\/wp\\\/wp-content\\\/uploads\\\/2015\\\/03\\\/cropped-centroilfaro_incubatore-di-imprese_s.jpg\",\"contentUrl\":\"https:\\\/\\\/www.il-faro.com\\\/wp\\\/wp-content\\\/uploads\\\/2015\\\/03\\\/cropped-centroilfaro_incubatore-di-imprese_s.jpg\",\"width\":199,\"height\":71,\"caption\":\"Centro Il Faro, incubatore imprese, affitto ufficio Napoli\"},\"image\":{\"@id\":\"https:\\\/\\\/www.il-faro.com\\\/wp\\\/#\\\/schema\\\/logo\\\/image\\\/\"},\"sameAs\":[\"https:\\\/\\\/www.facebook.com\\\/centroilfaro\\\/\",\"https:\\\/\\\/x.com\\\/CentroIlFaro\",\"https:\\\/\\\/www.instagram.com\\\/centroilfaro\\\/\",\"https:\\\/\\\/www.linkedin.com\\\/in\\\/centroilfaroincubatore\\\/\",\"https:\\\/\\\/www.pinterest.it\\\/centroilfaro\\\/\",\"https:\\\/\\\/www.tiktok.com\\\/@centroilfaro.com\",\"https:\\\/\\\/www.tumblr.com\\\/centroilfaro\",\"https:\\\/\\\/www.youtube.com\\\/@CentroIlFaro\"]},{\"@type\":\"Person\",\"@id\":\"https:\\\/\\\/www.il-faro.com\\\/wp\\\/#\\\/schema\\\/person\\\/f5faa4705e3310d4a8427b342f81fa82\",\"name\":\"Andrea\",\"image\":{\"@type\":\"ImageObject\",\"inLanguage\":\"it-IT\",\"@id\":\"https:\\\/\\\/secure.gravatar.com\\\/avatar\\\/4be9ac028505a8b4aa6656b0c463b0f7c7fdde89c89efb205e251c800fe749a5?s=96&d=mm&r=g\",\"url\":\"https:\\\/\\\/secure.gravatar.com\\\/avatar\\\/4be9ac028505a8b4aa6656b0c463b0f7c7fdde89c89efb205e251c800fe749a5?s=96&d=mm&r=g\",\"contentUrl\":\"https:\\\/\\\/secure.gravatar.com\\\/avatar\\\/4be9ac028505a8b4aa6656b0c463b0f7c7fdde89c89efb205e251c800fe749a5?s=96&d=mm&r=g\",\"caption\":\"Andrea\"},\"url\":\"https:\\\/\\\/www.il-faro.com\\\/wp\\\/author\\\/andrea\\\/\"}]}<\/script>\n<!-- \/ Yoast SEO plugin. -->","yoast_head_json":{"title":"Ricerca Politecnico di Milano - Centro Il Faro, incubatore imprese, affitto ufficio Napoli","description":"Ricerca Politecnico di Milano, Politecnico di Torino, ICRIOS Bocconi, EFI, Department of Management, Economics and Industrial Engineering","robots":{"index":"index","follow":"follow","max-snippet":"max-snippet:-1","max-image-preview":"max-image-preview:large","max-video-preview":"max-video-preview:-1"},"canonical":"https:\/\/www.il-faro.com\/wp\/ricerca-politecnico-di-milano\/","og_locale":"it_IT","og_type":"article","og_title":"Ricerca Politecnico di Milano - Centro Il Faro, incubatore imprese, affitto ufficio Napoli","og_description":"Ricerca Politecnico di Milano, Politecnico di Torino, ICRIOS Bocconi, EFI, Department of Management, Economics and Industrial Engineering","og_url":"https:\/\/www.il-faro.com\/wp\/ricerca-politecnico-di-milano\/","og_site_name":"Centro Il Faro, incubatore imprese, affitto ufficio Napoli","article_publisher":"https:\/\/www.facebook.com\/centroilfaro\/","article_published_time":"2023-05-16T12:37:28+00:00","article_modified_time":"2023-07-25T18:52:36+00:00","og_image":[{"width":664,"height":488,"url":"https:\/\/www.il-faro.com\/wp\/wp-content\/uploads\/2023\/05\/Politecnico_di_Milano.png","type":"image\/png"}],"author":"Andrea","twitter_misc":{"Scritto da":"Andrea","Tempo di lettura stimato":"2 minuti"},"schema":{"@context":"https:\/\/schema.org","@graph":[{"@type":"Article","@id":"https:\/\/www.il-faro.com\/wp\/ricerca-politecnico-di-milano\/#article","isPartOf":{"@id":"https:\/\/www.il-faro.com\/wp\/ricerca-politecnico-di-milano\/"},"author":{"name":"Andrea","@id":"https:\/\/www.il-faro.com\/wp\/#\/schema\/person\/f5faa4705e3310d4a8427b342f81fa82"},"headline":"Ricerca Politecnico di Milano","datePublished":"2023-05-16T12:37:28+00:00","dateModified":"2023-07-25T18:52:36+00:00","mainEntityOfPage":{"@id":"https:\/\/www.il-faro.com\/wp\/ricerca-politecnico-di-milano\/"},"wordCount":343,"publisher":{"@id":"https:\/\/www.il-faro.com\/wp\/#organization"},"image":{"@id":"https:\/\/www.il-faro.com\/wp\/ricerca-politecnico-di-milano\/#primaryimage"},"thumbnailUrl":"https:\/\/www.il-faro.com\/wp\/wp-content\/uploads\/2023\/05\/Politecnico_di_Milano.png","keywords":["Ricerca Politecnico di Milano"],"articleSection":["Universit\u00e0"],"inLanguage":"it-IT"},{"@type":"WebPage","@id":"https:\/\/www.il-faro.com\/wp\/ricerca-politecnico-di-milano\/","url":"https:\/\/www.il-faro.com\/wp\/ricerca-politecnico-di-milano\/","name":"Ricerca Politecnico di Milano - Centro Il Faro, incubatore imprese, affitto ufficio Napoli","isPartOf":{"@id":"https:\/\/www.il-faro.com\/wp\/#website"},"primaryImageOfPage":{"@id":"https:\/\/www.il-faro.com\/wp\/ricerca-politecnico-di-milano\/#primaryimage"},"image":{"@id":"https:\/\/www.il-faro.com\/wp\/ricerca-politecnico-di-milano\/#primaryimage"},"thumbnailUrl":"https:\/\/www.il-faro.com\/wp\/wp-content\/uploads\/2023\/05\/Politecnico_di_Milano.png","datePublished":"2023-05-16T12:37:28+00:00","dateModified":"2023-07-25T18:52:36+00:00","description":"Ricerca Politecnico di Milano, Politecnico di Torino, ICRIOS Bocconi, EFI, Department of Management, Economics and Industrial Engineering","breadcrumb":{"@id":"https:\/\/www.il-faro.com\/wp\/ricerca-politecnico-di-milano\/#breadcrumb"},"inLanguage":"it-IT","potentialAction":[{"@type":"ReadAction","target":["https:\/\/www.il-faro.com\/wp\/ricerca-politecnico-di-milano\/"]}]},{"@type":"ImageObject","inLanguage":"it-IT","@id":"https:\/\/www.il-faro.com\/wp\/ricerca-politecnico-di-milano\/#primaryimage","url":"https:\/\/www.il-faro.com\/wp\/wp-content\/uploads\/2023\/05\/Politecnico_di_Milano.png","contentUrl":"https:\/\/www.il-faro.com\/wp\/wp-content\/uploads\/2023\/05\/Politecnico_di_Milano.png","width":664,"height":488,"caption":"Politecnico di Milano"},{"@type":"BreadcrumbList","@id":"https:\/\/www.il-faro.com\/wp\/ricerca-politecnico-di-milano\/#breadcrumb","itemListElement":[{"@type":"ListItem","position":1,"name":"Home","item":"https:\/\/www.il-faro.com\/wp\/"},{"@type":"ListItem","position":2,"name":"Ricerca Politecnico di Milano"}]},{"@type":"WebSite","@id":"https:\/\/www.il-faro.com\/wp\/#website","url":"https:\/\/www.il-faro.com\/wp\/","name":"Centro Il Faro, incubatore imprese, affitto ufficio Napoli","description":"Centro Il Faro. Incubatore di Imprese, Business Center","publisher":{"@id":"https:\/\/www.il-faro.com\/wp\/#organization"},"potentialAction":[{"@type":"SearchAction","target":{"@type":"EntryPoint","urlTemplate":"https:\/\/www.il-faro.com\/wp\/?s={search_term_string}"},"query-input":{"@type":"PropertyValueSpecification","valueRequired":true,"valueName":"search_term_string"}}],"inLanguage":"it-IT"},{"@type":"Organization","@id":"https:\/\/www.il-faro.com\/wp\/#organization","name":"Centro Il Faro, incubatore imprese, affitto ufficio Napoli","url":"https:\/\/www.il-faro.com\/wp\/","logo":{"@type":"ImageObject","inLanguage":"it-IT","@id":"https:\/\/www.il-faro.com\/wp\/#\/schema\/logo\/image\/","url":"https:\/\/www.il-faro.com\/wp\/wp-content\/uploads\/2015\/03\/cropped-centroilfaro_incubatore-di-imprese_s.jpg","contentUrl":"https:\/\/www.il-faro.com\/wp\/wp-content\/uploads\/2015\/03\/cropped-centroilfaro_incubatore-di-imprese_s.jpg","width":199,"height":71,"caption":"Centro Il Faro, incubatore imprese, affitto ufficio Napoli"},"image":{"@id":"https:\/\/www.il-faro.com\/wp\/#\/schema\/logo\/image\/"},"sameAs":["https:\/\/www.facebook.com\/centroilfaro\/","https:\/\/x.com\/CentroIlFaro","https:\/\/www.instagram.com\/centroilfaro\/","https:\/\/www.linkedin.com\/in\/centroilfaroincubatore\/","https:\/\/www.pinterest.it\/centroilfaro\/","https:\/\/www.tiktok.com\/@centroilfaro.com","https:\/\/www.tumblr.com\/centroilfaro","https:\/\/www.youtube.com\/@CentroIlFaro"]},{"@type":"Person","@id":"https:\/\/www.il-faro.com\/wp\/#\/schema\/person\/f5faa4705e3310d4a8427b342f81fa82","name":"Andrea","image":{"@type":"ImageObject","inLanguage":"it-IT","@id":"https:\/\/secure.gravatar.com\/avatar\/4be9ac028505a8b4aa6656b0c463b0f7c7fdde89c89efb205e251c800fe749a5?s=96&d=mm&r=g","url":"https:\/\/secure.gravatar.com\/avatar\/4be9ac028505a8b4aa6656b0c463b0f7c7fdde89c89efb205e251c800fe749a5?s=96&d=mm&r=g","contentUrl":"https:\/\/secure.gravatar.com\/avatar\/4be9ac028505a8b4aa6656b0c463b0f7c7fdde89c89efb205e251c800fe749a5?s=96&d=mm&r=g","caption":"Andrea"},"url":"https:\/\/www.il-faro.com\/wp\/author\/andrea\/"}]}},"_links":{"self":[{"href":"https:\/\/www.il-faro.com\/wp\/wp-json\/wp\/v2\/posts\/6056","targetHints":{"allow":["GET"]}}],"collection":[{"href":"https:\/\/www.il-faro.com\/wp\/wp-json\/wp\/v2\/posts"}],"about":[{"href":"https:\/\/www.il-faro.com\/wp\/wp-json\/wp\/v2\/types\/post"}],"author":[{"embeddable":true,"href":"https:\/\/www.il-faro.com\/wp\/wp-json\/wp\/v2\/users\/3"}],"replies":[{"embeddable":true,"href":"https:\/\/www.il-faro.com\/wp\/wp-json\/wp\/v2\/comments?post=6056"}],"version-history":[{"count":15,"href":"https:\/\/www.il-faro.com\/wp\/wp-json\/wp\/v2\/posts\/6056\/revisions"}],"predecessor-version":[{"id":6549,"href":"https:\/\/www.il-faro.com\/wp\/wp-json\/wp\/v2\/posts\/6056\/revisions\/6549"}],"wp:featuredmedia":[{"embeddable":true,"href":"https:\/\/www.il-faro.com\/wp\/wp-json\/wp\/v2\/media\/6062"}],"wp:attachment":[{"href":"https:\/\/www.il-faro.com\/wp\/wp-json\/wp\/v2\/media?parent=6056"}],"wp:term":[{"taxonomy":"category","embeddable":true,"href":"https:\/\/www.il-faro.com\/wp\/wp-json\/wp\/v2\/categories?post=6056"},{"taxonomy":"post_tag","embeddable":true,"href":"https:\/\/www.il-faro.com\/wp\/wp-json\/wp\/v2\/tags?post=6056"}],"curies":[{"name":"wp","href":"https:\/\/api.w.org\/{rel}","templated":true}]}}