{"id":988,"date":"2017-10-18T09:01:24","date_gmt":"2017-10-18T07:01:24","guid":{"rendered":"https:\/\/www.il-faro.com\/wp\/?p=988"},"modified":"2017-10-16T15:14:12","modified_gmt":"2017-10-16T13:14:12","slug":"smart-working","status":"publish","type":"post","link":"https:\/\/www.il-faro.com\/wp\/smart-working\/","title":{"rendered":"Smart Working"},"content":{"rendered":"<h1>Smart Working<\/h1>\n<p>Smart Working<\/p>\n<p>Secondo il Politecnico di Milano gli smart worker in Italia raggiungono quota 305mila ed esistono progetti strutturati nel 36% delle grandi imprese. Cresce lo Smart Working e i lavoratori agili sono pi\u00f9 soddisfatti, digital e produttivi (+15%). Le imprese non possono pi\u00f9 rimandare una riorganizzazione del lavoro pi\u00f9 intelligente, in grado di dare nuovo slancio al Paese, con benefici potenziali di 13,7 miliardi di euro.<\/p>\n<div id=\"attachment_989\" style=\"width: 1512px\" class=\"wp-caption alignnone\"><a href=\"https:\/\/www.il-faro.com\/wp\/wp-content\/uploads\/2017\/10\/Smart-Working.png\"><img loading=\"lazy\" decoding=\"async\" aria-describedby=\"caption-attachment-989\" class=\"size-full wp-image-989\" src=\"https:\/\/www.il-faro.com\/wp\/wp-content\/uploads\/2017\/10\/Smart-Working.png\" alt=\"Smart Working\" width=\"1502\" height=\"761\" srcset=\"https:\/\/www.il-faro.com\/wp\/wp-content\/uploads\/2017\/10\/Smart-Working.png 1502w, https:\/\/www.il-faro.com\/wp\/wp-content\/uploads\/2017\/10\/Smart-Working-600x304.png 600w, https:\/\/www.il-faro.com\/wp\/wp-content\/uploads\/2017\/10\/Smart-Working-300x152.png 300w, https:\/\/www.il-faro.com\/wp\/wp-content\/uploads\/2017\/10\/Smart-Working-768x389.png 768w, https:\/\/www.il-faro.com\/wp\/wp-content\/uploads\/2017\/10\/Smart-Working-1024x519.png 1024w\" sizes=\"auto, (max-width: 1502px) 100vw, 1502px\" \/><\/a><p id=\"caption-attachment-989\" class=\"wp-caption-text\">Smart Working<\/p><\/div>\n<p>Il 2017 verr\u00e0 ricordato come l\u2019anno della legge sullo Smart Working, la modalit\u00e0 di esecuzione di lavoro subordinato che prevede, mediante accordo tra le parti, forme di organizzazione per fasi, cicli e obiettivi senza precisi vincoli di orario e di luogo di lavoro, e con l\u2019utilizzo di strumenti tecnologici per lo svolgimento dell&#8217;attivit\u00e0 lavorativa.<br \/>\nLa legge italiana \u00e8 la pi\u00f9 evoluta d\u2019Europa, non si pu\u00f2 pi\u00f9 rimandare l&#8217;introduzione di un pilastro per una riorganizzazione del lavoro pi\u00f9 intelligente, con vantaggio reciproco per lavoratori e azienda. Aumento di produttivit\u00e0, meno assenteismo e costi, lavoratori pi\u00f9 motivati e capaci di esprimere talento e passioni.<br \/>\nOggi i vantaggi dello Smart Working sono quantificabili: un progetto maturo porta a un incremento di produttivit\u00e0 del 15% per lavoratore, che a livello di Sistema Italia significa 13,7 miliardi di euro di benefici complessivi, considerando una base potenziale di 5 milioni di persone che potrebbero aderire (per tipologia di attivit\u00e0 compatibile) e ipotizzando una pervasivit\u00e0 al 70% dei lavoratori interessati. I vantaggi per i lavoratori si misurano anche in termini di riduzione dei tempi e costi di trasferimento, di miglioramento del work-life balance e aumento della motivazione e soddisfazione. Considerando anche solo una giornata a settimana di remote working, il tempo risparmiato in un anno \u00e8 di 40 ore a testa, risparmio che per l\u2019ambiente significherebbe una riduzione di emissioni pari a 135 kg di CO2 all\u2019anno.<br \/>\nMa di fatto quanti sono oggi gli smart worker e che livello di maturit\u00e0 hanno le grandi imprese, le PMI e la pubblica amministrazione in tema di lavoro agile? La ricerca condotta del su 206 grandi imprese e 567 PMI rileva che gli smart worker oggi sono 305mila &#8211; l\u20198% del totale dei lavoratori -, con una crescita del 14% rispetto al 2016 (erano 250mila) e del 60% rispetto al 2013.<\/p>\n<p>In particolare, cresce l\u2019adozione nelle grandi imprese: il 36% ha gi\u00e0 lanciato progetti strutturati (il 30% nel 2016), una su due ha avviato o sta per avviare un progetto di Smart Working. Tuttavia, le iniziative che hanno portato veramente a un ripensamento complessivo dell\u2019organizzazione del lavoro, che riguarda anche lo sviluppo di nuovi strumenti e competenze digitali (anche digital soft skill) e la diffusione di modelli manageriali basati su autonomia e responsabilizzazione sui risultati, sono ancora limitate e riguardano solo il 9% delle grandi aziende italiane.<\/p>\n<p>Anche tra le PMI cresce l\u2019interesse, anche se a livello pi\u00f9 informale: il 22% ha progetti in corso, ma di queste solo il 7% ha introdotto iniziative strutturate; un altro 7% non conosce il fenomeno e il 40% si dichiara \u201cnon interessato\u201d (per ulteriori dati e approfondimenti rimandiamo a un articolo specifico sull&#8217;indagine dell&#8217;Osservatorio sulle PMI che pubblicheremo nei prossimi giorni). Nella Pubblica Amministrazione solo il 5% degli enti ha attivi progetti strutturati e un altro 4% pratica lo Smart Working informalmente, ma a seguito della legge Madia c\u2019\u00e8 un notevole fermento: il 48% ritiene l\u2019approccio interessante, un ulteriore 8% ha gi\u00e0 pianificato iniziative per il prossimo anno e solo il 12% si dichiara non interessato.<\/p>\n<p>Links:<\/p>\n<p><a href=\"https:\/\/www.osservatori.net\/it_it\/osservatori\/executive-briefing\/smart-working-sotto-la-punta-della-iceberg\">https:\/\/www.osservatori.net\/it_it\/osservatori\/executive-briefing\/smart-working-sotto-la-punta-della-iceberg<\/a><\/p>\n<p>Keywords: Smart Working, lavoro agile, smart worker, lavoro intelligente, competenze digitali, produttivit\u00e0, Ssmart working, lavoro agile, smart worker, lavoro intelligente, competenze digitali, produttivit\u00e0, flessibilit\u00e0, lavoro flessibile<\/p>\n<p>&nbsp;<\/p>\n","protected":false},"excerpt":{"rendered":"<p>Smart Working Smart Working Secondo il Politecnico di Milano gli smart worker in Italia raggiungono quota 305mila ed esistono progetti strutturati nel 36% delle grandi imprese. Cresce lo Smart Working e i lavoratori agili sono pi\u00f9 soddisfatti, digital e produttivi (+15%). Le imprese non possono pi\u00f9 rimandare una riorganizzazione del [&hellip;]<\/p>\n","protected":false},"author":3,"featured_media":989,"comment_status":"closed","ping_status":"open","sticky":false,"template":"","format":"standard","meta":{"footnotes":""},"categories":[57,50],"tags":[91],"class_list":["post-988","post","type-post","status-publish","format-standard","has-post-thumbnail","hentry","category-eventi","category-startup-lab","tag-smart-working"],"yoast_head":"<!-- This site is optimized with the Yoast SEO plugin v28.4 - https:\/\/yoast.com\/product\/yoast-seo-wordpress\/ -->\n<title>Smart Working, lavoro agile, smart worker, lavoro intelligente<\/title>\n<meta name=\"description\" content=\"Smart Working, lavoro agile, smart worker, lavoro intelligente, competenze digitali, produttivit\u00e0, flessibilit\u00e0, lavoro flessibile\" \/>\n<meta name=\"robots\" content=\"index, follow, max-snippet:-1, max-image-preview:large, max-video-preview:-1\" \/>\n<link rel=\"canonical\" href=\"https:\/\/www.il-faro.com\/wp\/smart-working\/\" \/>\n<meta property=\"og:locale\" content=\"it_IT\" \/>\n<meta property=\"og:type\" content=\"article\" \/>\n<meta property=\"og:title\" content=\"Smart Working, lavoro agile, smart worker, lavoro intelligente\" \/>\n<meta property=\"og:description\" content=\"Smart Working, lavoro agile, smart worker, lavoro intelligente, competenze digitali, produttivit\u00e0, flessibilit\u00e0, lavoro flessibile\" \/>\n<meta property=\"og:url\" content=\"https:\/\/www.il-faro.com\/wp\/smart-working\/\" \/>\n<meta property=\"og:site_name\" content=\"Centro Il Faro, incubatore imprese, affitto ufficio Napoli\" \/>\n<meta property=\"article:publisher\" content=\"https:\/\/www.facebook.com\/centroilfaro\/\" \/>\n<meta property=\"article:published_time\" content=\"2017-10-18T07:01:24+00:00\" \/>\n<meta property=\"og:image\" content=\"https:\/\/www.il-faro.com\/wp\/wp-content\/uploads\/2017\/10\/Smart-Working.png\" \/>\n\t<meta property=\"og:image:width\" content=\"1502\" \/>\n\t<meta property=\"og:image:height\" content=\"761\" \/>\n\t<meta property=\"og:image:type\" content=\"image\/png\" \/>\n<meta name=\"author\" content=\"Andrea\" \/>\n<meta name=\"twitter:label1\" content=\"Scritto da\" \/>\n\t<meta name=\"twitter:data1\" content=\"Andrea\" \/>\n\t<meta name=\"twitter:label2\" content=\"Tempo di lettura stimato\" \/>\n\t<meta name=\"twitter:data2\" content=\"3 minuti\" \/>\n<script type=\"application\/ld+json\" class=\"yoast-schema-graph\">{\"@context\":\"https:\\\/\\\/schema.org\",\"@graph\":[{\"@type\":\"Article\",\"@id\":\"https:\\\/\\\/www.il-faro.com\\\/wp\\\/smart-working\\\/#article\",\"isPartOf\":{\"@id\":\"https:\\\/\\\/www.il-faro.com\\\/wp\\\/smart-working\\\/\"},\"author\":{\"name\":\"Andrea\",\"@id\":\"https:\\\/\\\/www.il-faro.com\\\/wp\\\/#\\\/schema\\\/person\\\/f5faa4705e3310d4a8427b342f81fa82\"},\"headline\":\"Smart Working\",\"datePublished\":\"2017-10-18T07:01:24+00:00\",\"mainEntityOfPage\":{\"@id\":\"https:\\\/\\\/www.il-faro.com\\\/wp\\\/smart-working\\\/\"},\"wordCount\":602,\"publisher\":{\"@id\":\"https:\\\/\\\/www.il-faro.com\\\/wp\\\/#organization\"},\"image\":{\"@id\":\"https:\\\/\\\/www.il-faro.com\\\/wp\\\/smart-working\\\/#primaryimage\"},\"thumbnailUrl\":\"https:\\\/\\\/www.il-faro.com\\\/wp\\\/wp-content\\\/uploads\\\/2017\\\/10\\\/Smart-Working.png\",\"keywords\":[\"Smart Working\"],\"articleSection\":[\"eventi\",\"Startup Lab\"],\"inLanguage\":\"it-IT\"},{\"@type\":\"WebPage\",\"@id\":\"https:\\\/\\\/www.il-faro.com\\\/wp\\\/smart-working\\\/\",\"url\":\"https:\\\/\\\/www.il-faro.com\\\/wp\\\/smart-working\\\/\",\"name\":\"Smart Working, lavoro agile, smart worker, lavoro intelligente\",\"isPartOf\":{\"@id\":\"https:\\\/\\\/www.il-faro.com\\\/wp\\\/#website\"},\"primaryImageOfPage\":{\"@id\":\"https:\\\/\\\/www.il-faro.com\\\/wp\\\/smart-working\\\/#primaryimage\"},\"image\":{\"@id\":\"https:\\\/\\\/www.il-faro.com\\\/wp\\\/smart-working\\\/#primaryimage\"},\"thumbnailUrl\":\"https:\\\/\\\/www.il-faro.com\\\/wp\\\/wp-content\\\/uploads\\\/2017\\\/10\\\/Smart-Working.png\",\"datePublished\":\"2017-10-18T07:01:24+00:00\",\"description\":\"Smart Working, lavoro agile, smart worker, lavoro intelligente, competenze digitali, produttivit\u00e0, flessibilit\u00e0, lavoro flessibile\",\"breadcrumb\":{\"@id\":\"https:\\\/\\\/www.il-faro.com\\\/wp\\\/smart-working\\\/#breadcrumb\"},\"inLanguage\":\"it-IT\",\"potentialAction\":[{\"@type\":\"ReadAction\",\"target\":[\"https:\\\/\\\/www.il-faro.com\\\/wp\\\/smart-working\\\/\"]}]},{\"@type\":\"ImageObject\",\"inLanguage\":\"it-IT\",\"@id\":\"https:\\\/\\\/www.il-faro.com\\\/wp\\\/smart-working\\\/#primaryimage\",\"url\":\"https:\\\/\\\/www.il-faro.com\\\/wp\\\/wp-content\\\/uploads\\\/2017\\\/10\\\/Smart-Working.png\",\"contentUrl\":\"https:\\\/\\\/www.il-faro.com\\\/wp\\\/wp-content\\\/uploads\\\/2017\\\/10\\\/Smart-Working.png\",\"width\":1502,\"height\":761,\"caption\":\"Smart Working\"},{\"@type\":\"BreadcrumbList\",\"@id\":\"https:\\\/\\\/www.il-faro.com\\\/wp\\\/smart-working\\\/#breadcrumb\",\"itemListElement\":[{\"@type\":\"ListItem\",\"position\":1,\"name\":\"Home\",\"item\":\"https:\\\/\\\/www.il-faro.com\\\/wp\\\/\"},{\"@type\":\"ListItem\",\"position\":2,\"name\":\"Smart Working\"}]},{\"@type\":\"WebSite\",\"@id\":\"https:\\\/\\\/www.il-faro.com\\\/wp\\\/#website\",\"url\":\"https:\\\/\\\/www.il-faro.com\\\/wp\\\/\",\"name\":\"Centro Il Faro, incubatore imprese, affitto ufficio Napoli\",\"description\":\"Centro Il Faro. Incubatore di Imprese, Business Center\",\"publisher\":{\"@id\":\"https:\\\/\\\/www.il-faro.com\\\/wp\\\/#organization\"},\"potentialAction\":[{\"@type\":\"SearchAction\",\"target\":{\"@type\":\"EntryPoint\",\"urlTemplate\":\"https:\\\/\\\/www.il-faro.com\\\/wp\\\/?s={search_term_string}\"},\"query-input\":{\"@type\":\"PropertyValueSpecification\",\"valueRequired\":true,\"valueName\":\"search_term_string\"}}],\"inLanguage\":\"it-IT\"},{\"@type\":\"Organization\",\"@id\":\"https:\\\/\\\/www.il-faro.com\\\/wp\\\/#organization\",\"name\":\"Centro Il Faro, incubatore imprese, affitto ufficio Napoli\",\"url\":\"https:\\\/\\\/www.il-faro.com\\\/wp\\\/\",\"logo\":{\"@type\":\"ImageObject\",\"inLanguage\":\"it-IT\",\"@id\":\"https:\\\/\\\/www.il-faro.com\\\/wp\\\/#\\\/schema\\\/logo\\\/image\\\/\",\"url\":\"https:\\\/\\\/www.il-faro.com\\\/wp\\\/wp-content\\\/uploads\\\/2015\\\/03\\\/cropped-centroilfaro_incubatore-di-imprese_s.jpg\",\"contentUrl\":\"https:\\\/\\\/www.il-faro.com\\\/wp\\\/wp-content\\\/uploads\\\/2015\\\/03\\\/cropped-centroilfaro_incubatore-di-imprese_s.jpg\",\"width\":199,\"height\":71,\"caption\":\"Centro Il Faro, incubatore imprese, affitto ufficio Napoli\"},\"image\":{\"@id\":\"https:\\\/\\\/www.il-faro.com\\\/wp\\\/#\\\/schema\\\/logo\\\/image\\\/\"},\"sameAs\":[\"https:\\\/\\\/www.facebook.com\\\/centroilfaro\\\/\",\"https:\\\/\\\/x.com\\\/CentroIlFaro\",\"https:\\\/\\\/www.instagram.com\\\/centroilfaro\\\/\",\"https:\\\/\\\/www.linkedin.com\\\/in\\\/centroilfaroincubatore\\\/\",\"https:\\\/\\\/www.pinterest.it\\\/centroilfaro\\\/\",\"https:\\\/\\\/www.tiktok.com\\\/@centroilfaro.com\",\"https:\\\/\\\/www.tumblr.com\\\/centroilfaro\",\"https:\\\/\\\/www.youtube.com\\\/@CentroIlFaro\"]},{\"@type\":\"Person\",\"@id\":\"https:\\\/\\\/www.il-faro.com\\\/wp\\\/#\\\/schema\\\/person\\\/f5faa4705e3310d4a8427b342f81fa82\",\"name\":\"Andrea\",\"image\":{\"@type\":\"ImageObject\",\"inLanguage\":\"it-IT\",\"@id\":\"https:\\\/\\\/secure.gravatar.com\\\/avatar\\\/4be9ac028505a8b4aa6656b0c463b0f7c7fdde89c89efb205e251c800fe749a5?s=96&d=mm&r=g\",\"url\":\"https:\\\/\\\/secure.gravatar.com\\\/avatar\\\/4be9ac028505a8b4aa6656b0c463b0f7c7fdde89c89efb205e251c800fe749a5?s=96&d=mm&r=g\",\"contentUrl\":\"https:\\\/\\\/secure.gravatar.com\\\/avatar\\\/4be9ac028505a8b4aa6656b0c463b0f7c7fdde89c89efb205e251c800fe749a5?s=96&d=mm&r=g\",\"caption\":\"Andrea\"},\"url\":\"https:\\\/\\\/www.il-faro.com\\\/wp\\\/author\\\/andrea\\\/\"}]}<\/script>\n<!-- \/ Yoast SEO plugin. -->","yoast_head_json":{"title":"Smart Working, lavoro agile, smart worker, lavoro intelligente","description":"Smart Working, lavoro agile, smart worker, lavoro intelligente, competenze digitali, produttivit\u00e0, flessibilit\u00e0, lavoro flessibile","robots":{"index":"index","follow":"follow","max-snippet":"max-snippet:-1","max-image-preview":"max-image-preview:large","max-video-preview":"max-video-preview:-1"},"canonical":"https:\/\/www.il-faro.com\/wp\/smart-working\/","og_locale":"it_IT","og_type":"article","og_title":"Smart Working, lavoro agile, smart worker, lavoro intelligente","og_description":"Smart Working, lavoro agile, smart worker, lavoro intelligente, competenze digitali, produttivit\u00e0, flessibilit\u00e0, lavoro flessibile","og_url":"https:\/\/www.il-faro.com\/wp\/smart-working\/","og_site_name":"Centro Il Faro, incubatore imprese, affitto ufficio Napoli","article_publisher":"https:\/\/www.facebook.com\/centroilfaro\/","article_published_time":"2017-10-18T07:01:24+00:00","og_image":[{"width":1502,"height":761,"url":"https:\/\/www.il-faro.com\/wp\/wp-content\/uploads\/2017\/10\/Smart-Working.png","type":"image\/png"}],"author":"Andrea","twitter_misc":{"Scritto da":"Andrea","Tempo di lettura stimato":"3 minuti"},"schema":{"@context":"https:\/\/schema.org","@graph":[{"@type":"Article","@id":"https:\/\/www.il-faro.com\/wp\/smart-working\/#article","isPartOf":{"@id":"https:\/\/www.il-faro.com\/wp\/smart-working\/"},"author":{"name":"Andrea","@id":"https:\/\/www.il-faro.com\/wp\/#\/schema\/person\/f5faa4705e3310d4a8427b342f81fa82"},"headline":"Smart Working","datePublished":"2017-10-18T07:01:24+00:00","mainEntityOfPage":{"@id":"https:\/\/www.il-faro.com\/wp\/smart-working\/"},"wordCount":602,"publisher":{"@id":"https:\/\/www.il-faro.com\/wp\/#organization"},"image":{"@id":"https:\/\/www.il-faro.com\/wp\/smart-working\/#primaryimage"},"thumbnailUrl":"https:\/\/www.il-faro.com\/wp\/wp-content\/uploads\/2017\/10\/Smart-Working.png","keywords":["Smart Working"],"articleSection":["eventi","Startup Lab"],"inLanguage":"it-IT"},{"@type":"WebPage","@id":"https:\/\/www.il-faro.com\/wp\/smart-working\/","url":"https:\/\/www.il-faro.com\/wp\/smart-working\/","name":"Smart Working, lavoro agile, smart worker, lavoro intelligente","isPartOf":{"@id":"https:\/\/www.il-faro.com\/wp\/#website"},"primaryImageOfPage":{"@id":"https:\/\/www.il-faro.com\/wp\/smart-working\/#primaryimage"},"image":{"@id":"https:\/\/www.il-faro.com\/wp\/smart-working\/#primaryimage"},"thumbnailUrl":"https:\/\/www.il-faro.com\/wp\/wp-content\/uploads\/2017\/10\/Smart-Working.png","datePublished":"2017-10-18T07:01:24+00:00","description":"Smart Working, lavoro agile, smart worker, lavoro intelligente, competenze digitali, produttivit\u00e0, flessibilit\u00e0, lavoro flessibile","breadcrumb":{"@id":"https:\/\/www.il-faro.com\/wp\/smart-working\/#breadcrumb"},"inLanguage":"it-IT","potentialAction":[{"@type":"ReadAction","target":["https:\/\/www.il-faro.com\/wp\/smart-working\/"]}]},{"@type":"ImageObject","inLanguage":"it-IT","@id":"https:\/\/www.il-faro.com\/wp\/smart-working\/#primaryimage","url":"https:\/\/www.il-faro.com\/wp\/wp-content\/uploads\/2017\/10\/Smart-Working.png","contentUrl":"https:\/\/www.il-faro.com\/wp\/wp-content\/uploads\/2017\/10\/Smart-Working.png","width":1502,"height":761,"caption":"Smart Working"},{"@type":"BreadcrumbList","@id":"https:\/\/www.il-faro.com\/wp\/smart-working\/#breadcrumb","itemListElement":[{"@type":"ListItem","position":1,"name":"Home","item":"https:\/\/www.il-faro.com\/wp\/"},{"@type":"ListItem","position":2,"name":"Smart Working"}]},{"@type":"WebSite","@id":"https:\/\/www.il-faro.com\/wp\/#website","url":"https:\/\/www.il-faro.com\/wp\/","name":"Centro Il Faro, incubatore imprese, affitto ufficio Napoli","description":"Centro Il Faro. Incubatore di Imprese, Business Center","publisher":{"@id":"https:\/\/www.il-faro.com\/wp\/#organization"},"potentialAction":[{"@type":"SearchAction","target":{"@type":"EntryPoint","urlTemplate":"https:\/\/www.il-faro.com\/wp\/?s={search_term_string}"},"query-input":{"@type":"PropertyValueSpecification","valueRequired":true,"valueName":"search_term_string"}}],"inLanguage":"it-IT"},{"@type":"Organization","@id":"https:\/\/www.il-faro.com\/wp\/#organization","name":"Centro Il Faro, incubatore imprese, affitto ufficio Napoli","url":"https:\/\/www.il-faro.com\/wp\/","logo":{"@type":"ImageObject","inLanguage":"it-IT","@id":"https:\/\/www.il-faro.com\/wp\/#\/schema\/logo\/image\/","url":"https:\/\/www.il-faro.com\/wp\/wp-content\/uploads\/2015\/03\/cropped-centroilfaro_incubatore-di-imprese_s.jpg","contentUrl":"https:\/\/www.il-faro.com\/wp\/wp-content\/uploads\/2015\/03\/cropped-centroilfaro_incubatore-di-imprese_s.jpg","width":199,"height":71,"caption":"Centro Il Faro, incubatore imprese, affitto ufficio Napoli"},"image":{"@id":"https:\/\/www.il-faro.com\/wp\/#\/schema\/logo\/image\/"},"sameAs":["https:\/\/www.facebook.com\/centroilfaro\/","https:\/\/x.com\/CentroIlFaro","https:\/\/www.instagram.com\/centroilfaro\/","https:\/\/www.linkedin.com\/in\/centroilfaroincubatore\/","https:\/\/www.pinterest.it\/centroilfaro\/","https:\/\/www.tiktok.com\/@centroilfaro.com","https:\/\/www.tumblr.com\/centroilfaro","https:\/\/www.youtube.com\/@CentroIlFaro"]},{"@type":"Person","@id":"https:\/\/www.il-faro.com\/wp\/#\/schema\/person\/f5faa4705e3310d4a8427b342f81fa82","name":"Andrea","image":{"@type":"ImageObject","inLanguage":"it-IT","@id":"https:\/\/secure.gravatar.com\/avatar\/4be9ac028505a8b4aa6656b0c463b0f7c7fdde89c89efb205e251c800fe749a5?s=96&d=mm&r=g","url":"https:\/\/secure.gravatar.com\/avatar\/4be9ac028505a8b4aa6656b0c463b0f7c7fdde89c89efb205e251c800fe749a5?s=96&d=mm&r=g","contentUrl":"https:\/\/secure.gravatar.com\/avatar\/4be9ac028505a8b4aa6656b0c463b0f7c7fdde89c89efb205e251c800fe749a5?s=96&d=mm&r=g","caption":"Andrea"},"url":"https:\/\/www.il-faro.com\/wp\/author\/andrea\/"}]}},"_links":{"self":[{"href":"https:\/\/www.il-faro.com\/wp\/wp-json\/wp\/v2\/posts\/988","targetHints":{"allow":["GET"]}}],"collection":[{"href":"https:\/\/www.il-faro.com\/wp\/wp-json\/wp\/v2\/posts"}],"about":[{"href":"https:\/\/www.il-faro.com\/wp\/wp-json\/wp\/v2\/types\/post"}],"author":[{"embeddable":true,"href":"https:\/\/www.il-faro.com\/wp\/wp-json\/wp\/v2\/users\/3"}],"replies":[{"embeddable":true,"href":"https:\/\/www.il-faro.com\/wp\/wp-json\/wp\/v2\/comments?post=988"}],"version-history":[{"count":4,"href":"https:\/\/www.il-faro.com\/wp\/wp-json\/wp\/v2\/posts\/988\/revisions"}],"predecessor-version":[{"id":993,"href":"https:\/\/www.il-faro.com\/wp\/wp-json\/wp\/v2\/posts\/988\/revisions\/993"}],"wp:featuredmedia":[{"embeddable":true,"href":"https:\/\/www.il-faro.com\/wp\/wp-json\/wp\/v2\/media\/989"}],"wp:attachment":[{"href":"https:\/\/www.il-faro.com\/wp\/wp-json\/wp\/v2\/media?parent=988"}],"wp:term":[{"taxonomy":"category","embeddable":true,"href":"https:\/\/www.il-faro.com\/wp\/wp-json\/wp\/v2\/categories?post=988"},{"taxonomy":"post_tag","embeddable":true,"href":"https:\/\/www.il-faro.com\/wp\/wp-json\/wp\/v2\/tags?post=988"}],"curies":[{"name":"wp","href":"https:\/\/api.w.org\/{rel}","templated":true}]}}